{"id":8476,"date":"2023-11-01T07:35:19","date_gmt":"2023-11-01T06:35:19","guid":{"rendered":"https:\/\/cideon-engineering.com\/?p=8476"},"modified":"2023-11-01T07:38:47","modified_gmt":"2023-11-01T06:38:47","slug":"gesundheitswoche-mitarbeiter-im-fitnessstudio-aktiv","status":"publish","type":"post","link":"https:\/\/cideon-engineering.com\/de\/gesundheitswoche-mitarbeiter-im-fitnessstudio-aktiv\/","title":{"rendered":"Gesundheitswoche: Mitarbeiter im Fitnessstudio aktiv"},"content":{"rendered":"\n\t<div id=\"gap-580603174\" class=\"gap-element clearfix\" style=\"display:block; height:auto;\">\n\t\t\n<style>\n#gap-580603174 {\n  padding-top: 30px;\n}\n<\/style>\n\t<\/div>\n\t\n\n<div class=\"row\"  id=\"row-1435878993\">\n\n\n\t<div id=\"col-1165957953\" class=\"col small-12 large-12\"  >\n\t\t\t\t<div class=\"col-inner\"  >\n\t\t\t\n\t\t\t\n\n<div class=\"row\"  id=\"row-1185823002\">\n\n\n\t<div id=\"col-1191683803\" class=\"col medium-6 small-12 large-6\"  >\n\t\t\t\t<div class=\"col-inner\"  >\n\t\t\t\n\t\t\t\n\n\t<div class=\"img has-hover x md-x lg-x y md-y lg-y\" id=\"image_1779216938\">\n\t\t\t\t\t\t\t\t<div class=\"img-inner dark\" >\n\t\t\t<img loading=\"lazy\" decoding=\"async\" width=\"768\" height=\"461\" src=\"https:\/\/cideon-engineering.com\/wp-content\/uploads\/2023\/10\/Gesundheitswoche-768x461.jpg\" class=\"attachment-medium_large size-medium_large\" alt=\"Gesundheitswoche\" srcset=\"https:\/\/cideon-engineering.com\/wp-content\/uploads\/2023\/10\/Gesundheitswoche-768x461.jpg 768w, https:\/\/cideon-engineering.com\/wp-content\/uploads\/2023\/10\/Gesundheitswoche-300x180.jpg 300w, https:\/\/cideon-engineering.com\/wp-content\/uploads\/2023\/10\/Gesundheitswoche-1024x614.jpg 1024w, https:\/\/cideon-engineering.com\/wp-content\/uploads\/2023\/10\/Gesundheitswoche.jpg 1280w\" sizes=\"auto, (max-width: 768px) 100vw, 768px\" \/>\t\t\t\t\t\t\n\t\t\t\t\t\t\t<div class=\"caption\">\u00a9 Adobe Stock |  JackF <\/div>\n\t\t\t\t\t<\/div>\n\t\t\t\t\t\t\t\t\n<style>\n#image_1779216938 {\n  width: 100%;\n}\n<\/style>\n\t<\/div>\n\t\n\n\n\t\t<\/div>\n\t\t\t\t\t<\/div>\n\n\t\n\n\t<div id=\"col-1664406094\" class=\"col medium-6 small-12 large-6\"  >\n\t\t\t\t<div class=\"col-inner\"  >\n\t\t\t\n\t\t\t\n\n<p>Letzte Woche startete unser Unternehmen eine spannende Initiative zur F\u00f6rderung der Mitarbeitergesundheit. Es fand eine interne Gesundheitswoche statt, bei der die Mitarbeiterinnen und Mitarbeiter in Bautzen und Chemnitz die M\u00f6glichkeit hatten, an Fitnesskursen in nahegelegenen Fitnessstudios teilzunehmen.<\/p>\n<p>Unsere Mitarbeiterinnen und Mitarbeiter konnten zwischen verschiedenen Kursen wie Yoga, Pilates, Step Dance, Spinning und R\u00fcckensport und noch mehr w\u00e4hlen. Erfahrene Trainer sorgten f\u00fcr eine professionelle Anleitung und eine motivierende Atmosph\u00e4re.<\/p>\n\n\t\t<\/div>\n\t\t\t\t\t<\/div>\n\n\t\n\n<\/div>\n\t<div id=\"gap-890108763\" class=\"gap-element clearfix\" style=\"display:block; height:auto;\">\n\t\t\n<style>\n#gap-890108763 {\n  padding-top: 30px;\n}\n<\/style>\n\t<\/div>\n\t\n\n<div class=\"row\"  id=\"row-661052278\">\n\n\n\t<div id=\"col-1269183316\" class=\"col small-12 large-12\"  >\n\t\t\t\t<div class=\"col-inner\"  >\n\t\t\t\n\t\t\t\n\n<p>Die Teilnahme war freiwillig, die Resonanz positiv. Unsere Mitarbeiterinnen und Mitarbeiter f\u00fchlten sich erfrischt und motiviert, etwas f\u00fcr ihre Gesundheit zu tun. Die Gesundheitswoche st\u00e4rkte nicht nur das k\u00f6rperliche Wohlbefinden, sondern auch den Teamgeist und die Unternehmenskultur.<\/p>\n<p>Wir sind stolz auf diese Initiative und werden uns auch weiterhin f\u00fcr die Gesundheit und das Wohlbefinden unserer Mitarbeiterinnen und Mitarbeiter einsetzen. <\/p>\n\n\t\t<\/div>\n\t\t\t\t\t<\/div>\n\n\t\n\n<\/div>\n\t<div id=\"gap-2100366724\" class=\"gap-element clearfix\" style=\"display:block; height:auto;\">\n\t\t\n<style>\n#gap-2100366724 {\n  padding-top: 30px;\n}\n<\/style>\n\t<\/div>\n\t\n\n\t<div id=\"gap-1536986754\" class=\"gap-element clearfix\" style=\"display:block; height:auto;\">\n\t\t\n<style>\n#gap-1536986754 {\n  padding-top: 30px;\n}\n<\/style>\n\t<\/div>\n\t\n\n<p>&nbsp;<\/p>\n<p>&nbsp;<\/p>\n\n\t\t<\/div>\n\t\t\t\t\t<\/div>\n\n\t\n\n<\/div>\n\n","protected":false},"excerpt":{"rendered":"<p>Letzte Woche startete unser Unternehmen eine spannende Initiative zur F\u00f6rderung der Mitarbeitergesundheit.<\/p>\n","protected":false},"author":8,"featured_media":8478,"comment_status":"closed","ping_status":"closed","sticky":false,"template":"","format":"standard","meta":{"content-type":"","inline_featured_image":false,"footnotes":""},"categories":[18],"tags":[],"class_list":["post-8476","post","type-post","status-publish","format-standard","has-post-thumbnail","hentry","category-aktuelles"],"yoast_head":"<!-- This site is optimized with the Yoast SEO plugin v26.9 - https:\/\/yoast.com\/product\/yoast-seo-wordpress\/ -->\n<title>Gesundheitswoche: Mitarbeiter im Fitnessstudio aktiv - CE Cideon Engineering<\/title>\n<meta name=\"description\" content=\"Ende Juni ging unsere langj\u00e4hrige Kollegin nach \u00fcber 30 Jahren Firmenzugeh\u00f6rigkeit in den wohlverdienten Ruhestand und nahm Abschied.\" \/>\n<meta name=\"robots\" content=\"index, follow, max-snippet:-1, max-image-preview:large, max-video-preview:-1\" \/>\n<link rel=\"canonical\" href=\"https:\/\/cideon-engineering.com\/de\/gesundheitswoche-mitarbeiter-im-fitnessstudio-aktiv\/\" \/>\n<meta property=\"og:locale\" content=\"de_DE\" \/>\n<meta property=\"og:type\" content=\"article\" \/>\n<meta property=\"og:title\" content=\"Gesundheitswoche: Mitarbeiter im Fitnessstudio aktiv - CE Cideon Engineering\" \/>\n<meta property=\"og:description\" content=\"Ende Juni ging unsere langj\u00e4hrige Kollegin nach \u00fcber 30 Jahren Firmenzugeh\u00f6rigkeit in den wohlverdienten Ruhestand und nahm Abschied.\" \/>\n<meta property=\"og:url\" content=\"https:\/\/cideon-engineering.com\/de\/gesundheitswoche-mitarbeiter-im-fitnessstudio-aktiv\/\" \/>\n<meta property=\"og:site_name\" content=\"CE Cideon Engineering\" \/>\n<meta property=\"article:published_time\" content=\"2023-11-01T06:35:19+00:00\" \/>\n<meta property=\"article:modified_time\" content=\"2023-11-01T06:38:47+00:00\" \/>\n<meta property=\"og:image\" content=\"https:\/\/cideon-engineering.com\/wp-content\/uploads\/2023\/10\/Gesundheitswoche.jpg\" \/>\n\t<meta property=\"og:image:width\" content=\"1280\" \/>\n\t<meta property=\"og:image:height\" content=\"768\" \/>\n\t<meta property=\"og:image:type\" content=\"image\/jpeg\" \/>\n<meta name=\"author\" content=\"Marco Kuhnt\" \/>\n<meta name=\"twitter:card\" content=\"summary_large_image\" \/>\n<meta name=\"twitter:label1\" content=\"Verfasst von\" \/>\n\t<meta name=\"twitter:data1\" content=\"Marco Kuhnt\" \/>\n\t<meta name=\"twitter:label2\" content=\"Gesch\u00e4tzte Lesezeit\" \/>\n\t<meta name=\"twitter:data2\" content=\"1\u00a0Minute\" \/>\n<script type=\"application\/ld+json\" class=\"yoast-schema-graph\">{\"@context\":\"https:\/\/schema.org\",\"@graph\":[{\"@type\":\"Article\",\"@id\":\"https:\/\/cideon-engineering.com\/de\/gesundheitswoche-mitarbeiter-im-fitnessstudio-aktiv\/#article\",\"isPartOf\":{\"@id\":\"https:\/\/cideon-engineering.com\/de\/gesundheitswoche-mitarbeiter-im-fitnessstudio-aktiv\/\"},\"author\":{\"name\":\"Marco Kuhnt\",\"@id\":\"https:\/\/cideon-engineering.com\/de\/#\/schema\/person\/42d192d59d4a9556d2d25f37a69b56bc\"},\"headline\":\"Gesundheitswoche: Mitarbeiter im Fitnessstudio aktiv\",\"datePublished\":\"2023-11-01T06:35:19+00:00\",\"dateModified\":\"2023-11-01T06:38:47+00:00\",\"mainEntityOfPage\":{\"@id\":\"https:\/\/cideon-engineering.com\/de\/gesundheitswoche-mitarbeiter-im-fitnessstudio-aktiv\/\"},\"wordCount\":192,\"image\":{\"@id\":\"https:\/\/cideon-engineering.com\/de\/gesundheitswoche-mitarbeiter-im-fitnessstudio-aktiv\/#primaryimage\"},\"thumbnailUrl\":\"https:\/\/cideon-engineering.com\/wp-content\/uploads\/2023\/10\/Gesundheitswoche.jpg\",\"articleSection\":[\"Aktuelles\"],\"inLanguage\":\"de\"},{\"@type\":\"WebPage\",\"@id\":\"https:\/\/cideon-engineering.com\/de\/gesundheitswoche-mitarbeiter-im-fitnessstudio-aktiv\/\",\"url\":\"https:\/\/cideon-engineering.com\/de\/gesundheitswoche-mitarbeiter-im-fitnessstudio-aktiv\/\",\"name\":\"Gesundheitswoche: Mitarbeiter im Fitnessstudio aktiv - CE Cideon Engineering\",\"isPartOf\":{\"@id\":\"https:\/\/cideon-engineering.com\/de\/#website\"},\"primaryImageOfPage\":{\"@id\":\"https:\/\/cideon-engineering.com\/de\/gesundheitswoche-mitarbeiter-im-fitnessstudio-aktiv\/#primaryimage\"},\"image\":{\"@id\":\"https:\/\/cideon-engineering.com\/de\/gesundheitswoche-mitarbeiter-im-fitnessstudio-aktiv\/#primaryimage\"},\"thumbnailUrl\":\"https:\/\/cideon-engineering.com\/wp-content\/uploads\/2023\/10\/Gesundheitswoche.jpg\",\"datePublished\":\"2023-11-01T06:35:19+00:00\",\"dateModified\":\"2023-11-01T06:38:47+00:00\",\"author\":{\"@id\":\"https:\/\/cideon-engineering.com\/de\/#\/schema\/person\/42d192d59d4a9556d2d25f37a69b56bc\"},\"description\":\"Ende Juni ging unsere langj\u00e4hrige Kollegin nach \u00fcber 30 Jahren Firmenzugeh\u00f6rigkeit in den wohlverdienten Ruhestand und nahm Abschied.\",\"breadcrumb\":{\"@id\":\"https:\/\/cideon-engineering.com\/de\/gesundheitswoche-mitarbeiter-im-fitnessstudio-aktiv\/#breadcrumb\"},\"inLanguage\":\"de\",\"potentialAction\":[{\"@type\":\"ReadAction\",\"target\":[\"https:\/\/cideon-engineering.com\/de\/gesundheitswoche-mitarbeiter-im-fitnessstudio-aktiv\/\"]}]},{\"@type\":\"ImageObject\",\"inLanguage\":\"de\",\"@id\":\"https:\/\/cideon-engineering.com\/de\/gesundheitswoche-mitarbeiter-im-fitnessstudio-aktiv\/#primaryimage\",\"url\":\"https:\/\/cideon-engineering.com\/wp-content\/uploads\/2023\/10\/Gesundheitswoche.jpg\",\"contentUrl\":\"https:\/\/cideon-engineering.com\/wp-content\/uploads\/2023\/10\/Gesundheitswoche.jpg\",\"width\":1280,\"height\":768,\"caption\":\"\u00a9 Adobe Stock | JackF\"},{\"@type\":\"BreadcrumbList\",\"@id\":\"https:\/\/cideon-engineering.com\/de\/gesundheitswoche-mitarbeiter-im-fitnessstudio-aktiv\/#breadcrumb\",\"itemListElement\":[{\"@type\":\"ListItem\",\"position\":1,\"name\":\"Startseite\",\"item\":\"https:\/\/cideon-engineering.com\/de\/\"},{\"@type\":\"ListItem\",\"position\":2,\"name\":\"Gesundheitswoche: Mitarbeiter im Fitnessstudio aktiv\"}]},{\"@type\":\"WebSite\",\"@id\":\"https:\/\/cideon-engineering.com\/de\/#website\",\"url\":\"https:\/\/cideon-engineering.com\/de\/\",\"name\":\"CE Cideon Engineering\",\"description\":\"making mobility happen\",\"potentialAction\":[{\"@type\":\"SearchAction\",\"target\":{\"@type\":\"EntryPoint\",\"urlTemplate\":\"https:\/\/cideon-engineering.com\/de\/?s={search_term_string}\"},\"query-input\":{\"@type\":\"PropertyValueSpecification\",\"valueRequired\":true,\"valueName\":\"search_term_string\"}}],\"inLanguage\":\"de\"},{\"@type\":\"Person\",\"@id\":\"https:\/\/cideon-engineering.com\/de\/#\/schema\/person\/42d192d59d4a9556d2d25f37a69b56bc\",\"name\":\"Marco Kuhnt\"}]}<\/script>\n<!-- \/ Yoast SEO plugin. -->","yoast_head_json":{"title":"Gesundheitswoche: Mitarbeiter im Fitnessstudio aktiv - CE Cideon Engineering","description":"Ende Juni ging unsere langj\u00e4hrige Kollegin nach \u00fcber 30 Jahren Firmenzugeh\u00f6rigkeit in den wohlverdienten Ruhestand und nahm Abschied.","robots":{"index":"index","follow":"follow","max-snippet":"max-snippet:-1","max-image-preview":"max-image-preview:large","max-video-preview":"max-video-preview:-1"},"canonical":"https:\/\/cideon-engineering.com\/de\/gesundheitswoche-mitarbeiter-im-fitnessstudio-aktiv\/","og_locale":"de_DE","og_type":"article","og_title":"Gesundheitswoche: Mitarbeiter im Fitnessstudio aktiv - CE Cideon Engineering","og_description":"Ende Juni ging unsere langj\u00e4hrige Kollegin nach \u00fcber 30 Jahren Firmenzugeh\u00f6rigkeit in den wohlverdienten Ruhestand und nahm Abschied.","og_url":"https:\/\/cideon-engineering.com\/de\/gesundheitswoche-mitarbeiter-im-fitnessstudio-aktiv\/","og_site_name":"CE Cideon Engineering","article_published_time":"2023-11-01T06:35:19+00:00","article_modified_time":"2023-11-01T06:38:47+00:00","og_image":[{"width":1280,"height":768,"url":"https:\/\/cideon-engineering.com\/wp-content\/uploads\/2023\/10\/Gesundheitswoche.jpg","type":"image\/jpeg"}],"author":"Marco Kuhnt","twitter_card":"summary_large_image","twitter_misc":{"Verfasst von":"Marco Kuhnt","Gesch\u00e4tzte Lesezeit":"1\u00a0Minute"},"schema":{"@context":"https:\/\/schema.org","@graph":[{"@type":"Article","@id":"https:\/\/cideon-engineering.com\/de\/gesundheitswoche-mitarbeiter-im-fitnessstudio-aktiv\/#article","isPartOf":{"@id":"https:\/\/cideon-engineering.com\/de\/gesundheitswoche-mitarbeiter-im-fitnessstudio-aktiv\/"},"author":{"name":"Marco Kuhnt","@id":"https:\/\/cideon-engineering.com\/de\/#\/schema\/person\/42d192d59d4a9556d2d25f37a69b56bc"},"headline":"Gesundheitswoche: Mitarbeiter im Fitnessstudio aktiv","datePublished":"2023-11-01T06:35:19+00:00","dateModified":"2023-11-01T06:38:47+00:00","mainEntityOfPage":{"@id":"https:\/\/cideon-engineering.com\/de\/gesundheitswoche-mitarbeiter-im-fitnessstudio-aktiv\/"},"wordCount":192,"image":{"@id":"https:\/\/cideon-engineering.com\/de\/gesundheitswoche-mitarbeiter-im-fitnessstudio-aktiv\/#primaryimage"},"thumbnailUrl":"https:\/\/cideon-engineering.com\/wp-content\/uploads\/2023\/10\/Gesundheitswoche.jpg","articleSection":["Aktuelles"],"inLanguage":"de"},{"@type":"WebPage","@id":"https:\/\/cideon-engineering.com\/de\/gesundheitswoche-mitarbeiter-im-fitnessstudio-aktiv\/","url":"https:\/\/cideon-engineering.com\/de\/gesundheitswoche-mitarbeiter-im-fitnessstudio-aktiv\/","name":"Gesundheitswoche: Mitarbeiter im Fitnessstudio aktiv - CE Cideon Engineering","isPartOf":{"@id":"https:\/\/cideon-engineering.com\/de\/#website"},"primaryImageOfPage":{"@id":"https:\/\/cideon-engineering.com\/de\/gesundheitswoche-mitarbeiter-im-fitnessstudio-aktiv\/#primaryimage"},"image":{"@id":"https:\/\/cideon-engineering.com\/de\/gesundheitswoche-mitarbeiter-im-fitnessstudio-aktiv\/#primaryimage"},"thumbnailUrl":"https:\/\/cideon-engineering.com\/wp-content\/uploads\/2023\/10\/Gesundheitswoche.jpg","datePublished":"2023-11-01T06:35:19+00:00","dateModified":"2023-11-01T06:38:47+00:00","author":{"@id":"https:\/\/cideon-engineering.com\/de\/#\/schema\/person\/42d192d59d4a9556d2d25f37a69b56bc"},"description":"Ende Juni ging unsere langj\u00e4hrige Kollegin nach \u00fcber 30 Jahren Firmenzugeh\u00f6rigkeit in den wohlverdienten Ruhestand und nahm Abschied.","breadcrumb":{"@id":"https:\/\/cideon-engineering.com\/de\/gesundheitswoche-mitarbeiter-im-fitnessstudio-aktiv\/#breadcrumb"},"inLanguage":"de","potentialAction":[{"@type":"ReadAction","target":["https:\/\/cideon-engineering.com\/de\/gesundheitswoche-mitarbeiter-im-fitnessstudio-aktiv\/"]}]},{"@type":"ImageObject","inLanguage":"de","@id":"https:\/\/cideon-engineering.com\/de\/gesundheitswoche-mitarbeiter-im-fitnessstudio-aktiv\/#primaryimage","url":"https:\/\/cideon-engineering.com\/wp-content\/uploads\/2023\/10\/Gesundheitswoche.jpg","contentUrl":"https:\/\/cideon-engineering.com\/wp-content\/uploads\/2023\/10\/Gesundheitswoche.jpg","width":1280,"height":768,"caption":"\u00a9 Adobe Stock | JackF"},{"@type":"BreadcrumbList","@id":"https:\/\/cideon-engineering.com\/de\/gesundheitswoche-mitarbeiter-im-fitnessstudio-aktiv\/#breadcrumb","itemListElement":[{"@type":"ListItem","position":1,"name":"Startseite","item":"https:\/\/cideon-engineering.com\/de\/"},{"@type":"ListItem","position":2,"name":"Gesundheitswoche: Mitarbeiter im Fitnessstudio aktiv"}]},{"@type":"WebSite","@id":"https:\/\/cideon-engineering.com\/de\/#website","url":"https:\/\/cideon-engineering.com\/de\/","name":"CE Cideon Engineering","description":"making mobility happen","potentialAction":[{"@type":"SearchAction","target":{"@type":"EntryPoint","urlTemplate":"https:\/\/cideon-engineering.com\/de\/?s={search_term_string}"},"query-input":{"@type":"PropertyValueSpecification","valueRequired":true,"valueName":"search_term_string"}}],"inLanguage":"de"},{"@type":"Person","@id":"https:\/\/cideon-engineering.com\/de\/#\/schema\/person\/42d192d59d4a9556d2d25f37a69b56bc","name":"Marco Kuhnt"}]}},"_links":{"self":[{"href":"https:\/\/cideon-engineering.com\/de\/wp-json\/wp\/v2\/posts\/8476","targetHints":{"allow":["GET"]}}],"collection":[{"href":"https:\/\/cideon-engineering.com\/de\/wp-json\/wp\/v2\/posts"}],"about":[{"href":"https:\/\/cideon-engineering.com\/de\/wp-json\/wp\/v2\/types\/post"}],"author":[{"embeddable":true,"href":"https:\/\/cideon-engineering.com\/de\/wp-json\/wp\/v2\/users\/8"}],"replies":[{"embeddable":true,"href":"https:\/\/cideon-engineering.com\/de\/wp-json\/wp\/v2\/comments?post=8476"}],"version-history":[{"count":3,"href":"https:\/\/cideon-engineering.com\/de\/wp-json\/wp\/v2\/posts\/8476\/revisions"}],"predecessor-version":[{"id":8482,"href":"https:\/\/cideon-engineering.com\/de\/wp-json\/wp\/v2\/posts\/8476\/revisions\/8482"}],"wp:featuredmedia":[{"embeddable":true,"href":"https:\/\/cideon-engineering.com\/de\/wp-json\/wp\/v2\/media\/8478"}],"wp:attachment":[{"href":"https:\/\/cideon-engineering.com\/de\/wp-json\/wp\/v2\/media?parent=8476"}],"wp:term":[{"taxonomy":"category","embeddable":true,"href":"https:\/\/cideon-engineering.com\/de\/wp-json\/wp\/v2\/categories?post=8476"},{"taxonomy":"post_tag","embeddable":true,"href":"https:\/\/cideon-engineering.com\/de\/wp-json\/wp\/v2\/tags?post=8476"}],"curies":[{"name":"wp","href":"https:\/\/api.w.org\/{rel}","templated":true}]}}